{"id":2560,"date":"2024-02-06T12:23:12","date_gmt":"2024-02-06T15:23:12","guid":{"rendered":"https:\/\/www.demo.cosmoswp.com\/demo-7\/?p=239"},"modified":"2026-04-27T16:58:08","modified_gmt":"2026-04-27T19:58:08","slug":"publicacoes-institucionais-onde-sua-organizacao-ganha-forma","status":"publish","type":"post","link":"https:\/\/editoraselo.com.br\/larrymello\/publicacoes-institucionais-onde-sua-organizacao-ganha-forma\/","title":{"rendered":"Publica\u00e7\u00f5es institucionais: onde sua organiza\u00e7\u00e3o ganha forma"},"content":{"rendered":"\n<p>Como a sua organiza\u00e7\u00e3o \u00e9 vista e reconhecida?<br>Pelo logo? Pelo Instagram? Pelo site? Pela fachada?<\/p>\n\n\n\n<p>Tudo isso comunica. Mas nada organiza t\u00e3o bem essa percep\u00e7\u00e3o quanto uma publica\u00e7\u00e3o institucional.<\/p>\n\n\n\n<p>Porque \u00e9 ali que a sua organiza\u00e7\u00e3o ganha forma de verdade.<\/p>\n\n\n\n<p>N\u00e3o \u00e9 s\u00f3 identidade visual. \u00c9 conceito. \u00c9 cultura. \u00c9 proposta de valor. \u00c9 a chance de dizer, com clareza: \u201c\u00e9 assim que queremos ser entendidos\u201d.<\/p>\n\n\n\n<p>Uma boa publica\u00e7\u00e3o n\u00e3o joga a informa\u00e7\u00e3o de qualquer jeito \u2014 ela organiza. Seleciona o que importa, d\u00e1 contexto, cria narrativa. E, sem perceber, quem l\u00ea come\u00e7a a enxergar a sua empresa do jeito que voc\u00ea construiu.<\/p>\n\n\n\n<p><strong>No fim, \u00e9 isso: publica\u00e7\u00f5es institucionais s\u00e3o a materializa\u00e7\u00e3o da sua organiza\u00e7\u00e3o.<\/strong><\/p>\n\n\n\n<p>O que est\u00e1 ali n\u00e3o \u00e9 s\u00f3 o que voc\u00ea fez.&nbsp; \u00c9 como voc\u00ea escolhe ser reconhecido.<\/p>\n\n\n\n<p>Publica\u00e7\u00f5es institucionais n\u00e3o s\u00e3o s\u00f3 \u201cdocumentos obrigat\u00f3rios\u201d. Elas s\u00e3o, na pr\u00e1tica, o jeito que a organiza\u00e7\u00e3o se apresenta para o mundo.<\/p>\n\n\n\n<p>\u00c9 ali que voc\u00ea mostra o que fez, como fez e \u2014 principalmente \u2014 o quanto leva a s\u00e9rio o que faz.<\/p>\n\n\n<div class=\"wp-block-image\">\n<figure class=\"aligncenter size-large\"><img loading=\"lazy\" decoding=\"async\" width=\"875\" height=\"1024\" src=\"https:\/\/editoraselo.com.br\/larrymello\/wp-content\/uploads\/2019\/02\/auditar_Segcex-875x1024.jpg\" alt=\"\" class=\"wp-image-71\" srcset=\"https:\/\/editoraselo.com.br\/larrymello\/wp-content\/uploads\/2019\/02\/auditar_Segcex-875x1024.jpg 875w, https:\/\/editoraselo.com.br\/larrymello\/wp-content\/uploads\/2019\/02\/auditar_Segcex-256x300.jpg 256w, https:\/\/editoraselo.com.br\/larrymello\/wp-content\/uploads\/2019\/02\/auditar_Segcex-768x899.jpg 768w, https:\/\/editoraselo.com.br\/larrymello\/wp-content\/uploads\/2019\/02\/auditar_Segcex-427x500.jpg 427w, https:\/\/editoraselo.com.br\/larrymello\/wp-content\/uploads\/2019\/02\/auditar_Segcex-683x800.jpg 683w, https:\/\/editoraselo.com.br\/larrymello\/wp-content\/uploads\/2019\/02\/auditar_Segcex-1093x1280.jpg 1093w, https:\/\/editoraselo.com.br\/larrymello\/wp-content\/uploads\/2019\/02\/auditar_Segcex.jpg 1388w\" sizes=\"auto, (max-width: 875px) 100vw, 875px\" \/><\/figure>\n<\/div>\n\n\n<p>Quando bem feitas, essas publica\u00e7\u00f5es passam confian\u00e7a. Mostram organiza\u00e7\u00e3o, responsabilidade e cuidado. N\u00e3o \u00e9 s\u00f3 prestar contas. \u00c9 construir reputa\u00e7\u00e3o.<\/p>\n\n\n\n<p>Ao longo dos anos, j\u00e1 estive envolvido com v\u00e1rios projetos, como relat\u00f3rios de gest\u00e3o, livros de mem\u00f3rias, revistas comemorativas e publica\u00e7\u00f5es feitas sob medida, dependendo da necessidade.<\/p>\n\n\n\n<p>Eu costumo trabalhar todo o processo de ponta a ponta: desde a pesquisa e organiza\u00e7\u00e3o das informa\u00e7\u00f5es at\u00e9 a reda\u00e7\u00e3o, o projeto gr\u00e1fico e a publica\u00e7\u00e3o final, seja no impresso ou no digital.<\/p>\n\n\n\n<p>\u00c9 um dos trabalhos que me d\u00e1 mais prazer e com o qual eu mais me identifico enquanto profissional de edi\u00e7\u00e3o: ajudar a organizar a mem\u00f3ria da institui\u00e7\u00e3o e deixar mais claro, para qualquer pessoa, o que de fato interessa para o p\u00fablico.<\/p>\n","protected":false},"excerpt":{"rendered":"<p>Como a sua organiza\u00e7\u00e3o \u00e9 vista e reconhecida?Pelo logo? Pelo Instagram? Pelo site? Pela fachada? Tudo isso comunica. Mas nada organiza t\u00e3o bem essa percep\u00e7\u00e3o quanto uma publica\u00e7\u00e3o institucional. Porque \u00e9 ali que a sua organiza\u00e7\u00e3o ganha forma de verdade.&#46;&#46;&#46;<\/p>\n","protected":false},"author":1,"featured_media":72,"comment_status":"open","ping_status":"open","sticky":false,"template":"","format":"standard","meta":{"footnotes":""},"categories":[36],"tags":[],"class_list":["post-2560","post","type-post","status-publish","format-standard","has-post-thumbnail","hentry","category-institucionais"],"gutentor_comment":0,"_links":{"self":[{"href":"https:\/\/editoraselo.com.br\/larrymello\/wp-json\/wp\/v2\/posts\/2560","targetHints":{"allow":["GET"]}}],"collection":[{"href":"https:\/\/editoraselo.com.br\/larrymello\/wp-json\/wp\/v2\/posts"}],"about":[{"href":"https:\/\/editoraselo.com.br\/larrymello\/wp-json\/wp\/v2\/types\/post"}],"author":[{"embeddable":true,"href":"https:\/\/editoraselo.com.br\/larrymello\/wp-json\/wp\/v2\/users\/1"}],"replies":[{"embeddable":true,"href":"https:\/\/editoraselo.com.br\/larrymello\/wp-json\/wp\/v2\/comments?post=2560"}],"version-history":[{"count":7,"href":"https:\/\/editoraselo.com.br\/larrymello\/wp-json\/wp\/v2\/posts\/2560\/revisions"}],"predecessor-version":[{"id":2900,"href":"https:\/\/editoraselo.com.br\/larrymello\/wp-json\/wp\/v2\/posts\/2560\/revisions\/2900"}],"wp:featuredmedia":[{"embeddable":true,"href":"https:\/\/editoraselo.com.br\/larrymello\/wp-json\/wp\/v2\/media\/72"}],"wp:attachment":[{"href":"https:\/\/editoraselo.com.br\/larrymello\/wp-json\/wp\/v2\/media?parent=2560"}],"wp:term":[{"taxonomy":"category","embeddable":true,"href":"https:\/\/editoraselo.com.br\/larrymello\/wp-json\/wp\/v2\/categories?post=2560"},{"taxonomy":"post_tag","embeddable":true,"href":"https:\/\/editoraselo.com.br\/larrymello\/wp-json\/wp\/v2\/tags?post=2560"}],"curies":[{"name":"wp","href":"https:\/\/api.w.org\/{rel}","templated":true}]}}